{"id":3412,"date":"2022-11-15T14:35:15","date_gmt":"2022-11-15T14:35:15","guid":{"rendered":"http:\/\/replasa.com\/replasa-recycling-capacity\/"},"modified":"2023-09-26T10:26:46","modified_gmt":"2023-09-26T10:26:46","slug":"replasa-recycling-capacity","status":"publish","type":"post","link":"https:\/\/replasa.com\/es\/replasa-recycling-capacity\/","title":{"rendered":"Replasa aumenta su capacidad de reciclaje de residuos en 70 toneladas al a\u00f1o gracias al Fondo de Residuos 2022 del Gobierno de Navarra"},"content":{"rendered":"\n<p>Siguiendo su compromiso de implementar procesos ecol\u00f3gicos para la producci\u00f3n y la gesti\u00f3n ambiental en general, Replasa acaba de lanzar un nuevo sistema para la evaluaci\u00f3n, recolecci\u00f3n y posterior almacenamiento de los residuos generados en su proceso de producci\u00f3n, lo que permitir\u00e1 reciclar 70 toneladas adicionales de residuos cada a\u00f1o, evitando que acaben en vertederos.&nbsp;<\/p>\n\n\n\n<p>El proyecto forma parte del programa de subvenciones dirigido a empresas y entidades que generan residuos industriales no peligrosos, el Fondo de Residuos 2022 del Gobierno de Navarra, dise\u00f1ado para apoyar acciones relacionadas con gastos corrientes o inversiones de capital en gesti\u00f3n de residuos.&nbsp;<\/p>\n\n\n\n<p>\u00abEstas inversiones facilitar\u00e1n la separaci\u00f3n y el reciclaje de residuos e incluyen un sistema para la evacuaci\u00f3n, recolecci\u00f3n y posterior almacenamiento de los recortes resultantes tanto de la l\u00ednea de producci\u00f3n como de la l\u00ednea de corte transversal. De esta manera, todo el exceso de film se puede reciclar a trav\u00e9s de un gestor de residuos\u00bb, explica Diego Garc\u00eda, director industrial de Replasa.&nbsp;<\/p>\n\n\n\n<p><\/p>\n\n\n\n<p><\/p>\n\n\n\n<figure class=\"wp-block-image aligncenter size-large is-resized\"><img fetchpriority=\"high\" src=\"http:\/\/replasa.com\/wp-content\/uploads\/2023\/04\/gn-fondo-residuos-1024x190.jpg\" alt=\"\" class=\"wp-image-1314\" width=\"596\" height=\"110\" srcset=\"https:\/\/replasa.com\/wp-content\/uploads\/2023\/04\/gn-fondo-residuos-1024x190.jpg 1024w, https:\/\/replasa.com\/wp-content\/uploads\/2023\/04\/gn-fondo-residuos-300x56.jpg 300w, https:\/\/replasa.com\/wp-content\/uploads\/2023\/04\/gn-fondo-residuos-768x142.jpg 768w, https:\/\/replasa.com\/wp-content\/uploads\/2023\/04\/gn-fondo-residuos-600x111.jpg 600w, https:\/\/replasa.com\/wp-content\/uploads\/2023\/04\/gn-fondo-residuos.jpg 1057w\" sizes=\"(max-width: 596px) 100vw, 596px\" \/><\/figure>\n\n\n\n<p><\/p>\n","protected":false},"excerpt":{"rendered":"<p>Replasa acaba de lanzar un nuevo sistema para la evaluaci\u00f3n, recolecci\u00f3n y posterior almacenamiento de los residuos generados en su proceso de producci\u00f3n. <\/p>\n","protected":false},"author":1,"featured_media":3413,"comment_status":"open","ping_status":"open","sticky":false,"template":"","format":"standard","meta":[],"categories":[],"tags":[133],"yoast_head":"<!-- This site is optimized with the Yoast SEO plugin v20.5 - https:\/\/yoast.com\/wordpress\/plugins\/seo\/ -->\n<title>Replasa aumenta su capacidad de reciclaje de residuos en 70 toneladas al a\u00f1o gracias al Fondo de Residuos 2022 del Gobierno de Navarra | Replasa - Advanced Materials<\/title>\n<meta name=\"robots\" content=\"index, follow, max-snippet:-1, max-image-preview:large, max-video-preview:-1\" \/>\n<link rel=\"canonical\" href=\"https:\/\/replasa.com\/es\/replasa-recycling-capacity\/\" \/>\n<meta property=\"og:locale\" content=\"es_ES\" \/>\n<meta property=\"og:type\" content=\"article\" \/>\n<meta property=\"og:title\" content=\"Replasa aumenta su capacidad de reciclaje de residuos en 70 toneladas al a\u00f1o gracias al Fondo de Residuos 2022 del Gobierno de Navarra | Replasa - Advanced Materials\" \/>\n<meta property=\"og:description\" content=\"Replasa acaba de lanzar un nuevo sistema para la evaluaci\u00f3n, recolecci\u00f3n y posterior almacenamiento de los residuos generados en su proceso de producci\u00f3n.\" \/>\n<meta property=\"og:url\" content=\"https:\/\/replasa.com\/es\/replasa-recycling-capacity\/\" \/>\n<meta property=\"og:site_name\" content=\"Replasa - Advanced Materials\" \/>\n<meta property=\"article:published_time\" content=\"2022-11-15T14:35:15+00:00\" \/>\n<meta property=\"article:modified_time\" content=\"2023-09-26T10:26:46+00:00\" \/>\n<meta property=\"og:image\" content=\"https:\/\/replasa.com\/wp-content\/uploads\/2023\/03\/replasa-instalaciones.png\" \/>\n\t<meta property=\"og:image:width\" content=\"1397\" \/>\n\t<meta property=\"og:image:height\" content=\"871\" \/>\n\t<meta property=\"og:image:type\" content=\"image\/png\" \/>\n<meta name=\"author\" content=\"orbetec\" \/>\n<meta name=\"twitter:card\" content=\"summary_large_image\" \/>\n<meta name=\"twitter:label1\" content=\"Escrito por\" \/>\n\t<meta name=\"twitter:data1\" content=\"orbetec\" \/>\n\t<meta name=\"twitter:label2\" content=\"Tiempo de lectura\" \/>\n\t<meta name=\"twitter:data2\" content=\"1 minuto\" \/>\n<script type=\"application\/ld+json\" class=\"yoast-schema-graph\">{\"@context\":\"https:\/\/schema.org\",\"@graph\":[{\"@type\":\"Article\",\"@id\":\"https:\/\/replasa.com\/es\/replasa-recycling-capacity\/#article\",\"isPartOf\":{\"@id\":\"https:\/\/replasa.com\/es\/replasa-recycling-capacity\/\"},\"author\":{\"name\":\"orbetec\",\"@id\":\"https:\/\/replasa.com\/es\/#\/schema\/person\/d616f07c5f5a133b31b8794fd35fbfbf\"},\"headline\":\"Replasa aumenta su capacidad de reciclaje de residuos en 70 toneladas al a\u00f1o gracias al Fondo de Residuos 2022 del Gobierno de Navarra\",\"datePublished\":\"2022-11-15T14:35:15+00:00\",\"dateModified\":\"2023-09-26T10:26:46+00:00\",\"mainEntityOfPage\":{\"@id\":\"https:\/\/replasa.com\/es\/replasa-recycling-capacity\/\"},\"wordCount\":203,\"commentCount\":0,\"publisher\":{\"@id\":\"https:\/\/replasa.com\/es\/#organization\"},\"keywords\":[\"Medio Ambiente\"],\"inLanguage\":\"es\",\"potentialAction\":[{\"@type\":\"CommentAction\",\"name\":\"Comment\",\"target\":[\"https:\/\/replasa.com\/es\/replasa-recycling-capacity\/#respond\"]}]},{\"@type\":\"WebPage\",\"@id\":\"https:\/\/replasa.com\/es\/replasa-recycling-capacity\/\",\"url\":\"https:\/\/replasa.com\/es\/replasa-recycling-capacity\/\",\"name\":\"Replasa aumenta su capacidad de reciclaje de residuos en 70 toneladas al a\u00f1o gracias al Fondo de Residuos 2022 del Gobierno de Navarra | Replasa - Advanced Materials\",\"isPartOf\":{\"@id\":\"https:\/\/replasa.com\/es\/#website\"},\"datePublished\":\"2022-11-15T14:35:15+00:00\",\"dateModified\":\"2023-09-26T10:26:46+00:00\",\"breadcrumb\":{\"@id\":\"https:\/\/replasa.com\/es\/replasa-recycling-capacity\/#breadcrumb\"},\"inLanguage\":\"es\",\"potentialAction\":[{\"@type\":\"ReadAction\",\"target\":[\"https:\/\/replasa.com\/es\/replasa-recycling-capacity\/\"]}]},{\"@type\":\"BreadcrumbList\",\"@id\":\"https:\/\/replasa.com\/es\/replasa-recycling-capacity\/#breadcrumb\",\"itemListElement\":[{\"@type\":\"ListItem\",\"position\":1,\"name\":\"Home\",\"item\":\"https:\/\/replasa.com\/es\/\"},{\"@type\":\"ListItem\",\"position\":2,\"name\":\"Replasa aumenta su capacidad de reciclaje de residuos en 70 toneladas al a\u00f1o gracias al Fondo de Residuos 2022 del Gobierno de Navarra\"}]},{\"@type\":\"WebSite\",\"@id\":\"https:\/\/replasa.com\/es\/#website\",\"url\":\"https:\/\/replasa.com\/es\/\",\"name\":\"Replasa Advanced Materials\",\"description\":\"Replasa - Advanced Materials. Coating your innovations\",\"publisher\":{\"@id\":\"https:\/\/replasa.com\/es\/#organization\"},\"potentialAction\":[{\"@type\":\"SearchAction\",\"target\":{\"@type\":\"EntryPoint\",\"urlTemplate\":\"https:\/\/replasa.com\/es\/?s={search_term_string}\"},\"query-input\":\"required name=search_term_string\"}],\"inLanguage\":\"es\"},{\"@type\":\"Organization\",\"@id\":\"https:\/\/replasa.com\/es\/#organization\",\"name\":\"Replasa Advanced Materials\",\"url\":\"https:\/\/replasa.com\/es\/\",\"logo\":{\"@type\":\"ImageObject\",\"inLanguage\":\"es\",\"@id\":\"https:\/\/replasa.com\/es\/#\/schema\/logo\/image\/\",\"url\":\"https:\/\/replasa.com\/wp-content\/uploads\/2023\/03\/cropped-replasa-logotipe.jpg\",\"contentUrl\":\"https:\/\/replasa.com\/wp-content\/uploads\/2023\/03\/cropped-replasa-logotipe.jpg\",\"width\":319,\"height\":183,\"caption\":\"Replasa Advanced Materials\"},\"image\":{\"@id\":\"https:\/\/replasa.com\/es\/#\/schema\/logo\/image\/\"},\"sameAs\":[\"https:\/\/www.linkedin.com\/company\/replasa\"]},{\"@type\":\"Person\",\"@id\":\"https:\/\/replasa.com\/es\/#\/schema\/person\/d616f07c5f5a133b31b8794fd35fbfbf\",\"name\":\"orbetec\",\"image\":{\"@type\":\"ImageObject\",\"inLanguage\":\"es\",\"@id\":\"https:\/\/replasa.com\/es\/#\/schema\/person\/image\/\",\"url\":\"https:\/\/secure.gravatar.com\/avatar\/ef37973d44da954dcc4639e224ca1264?s=96&d=mm&r=g\",\"contentUrl\":\"https:\/\/secure.gravatar.com\/avatar\/ef37973d44da954dcc4639e224ca1264?s=96&d=mm&r=g\",\"caption\":\"orbetec\"},\"sameAs\":[\"http:\/\/replasa.com\"]}]}<\/script>\n<!-- \/ Yoast SEO plugin. -->","yoast_head_json":{"title":"Replasa aumenta su capacidad de reciclaje de residuos en 70 toneladas al a\u00f1o gracias al Fondo de Residuos 2022 del Gobierno de Navarra | Replasa - Advanced Materials","robots":{"index":"index","follow":"follow","max-snippet":"max-snippet:-1","max-image-preview":"max-image-preview:large","max-video-preview":"max-video-preview:-1"},"canonical":"https:\/\/replasa.com\/es\/replasa-recycling-capacity\/","og_locale":"es_ES","og_type":"article","og_title":"Replasa aumenta su capacidad de reciclaje de residuos en 70 toneladas al a\u00f1o gracias al Fondo de Residuos 2022 del Gobierno de Navarra | Replasa - Advanced Materials","og_description":"Replasa acaba de lanzar un nuevo sistema para la evaluaci\u00f3n, recolecci\u00f3n y posterior almacenamiento de los residuos generados en su proceso de producci\u00f3n.","og_url":"https:\/\/replasa.com\/es\/replasa-recycling-capacity\/","og_site_name":"Replasa - Advanced Materials","article_published_time":"2022-11-15T14:35:15+00:00","article_modified_time":"2023-09-26T10:26:46+00:00","og_image":[{"width":1397,"height":871,"url":"https:\/\/replasa.com\/wp-content\/uploads\/2023\/03\/replasa-instalaciones.png","type":"image\/png"}],"author":"orbetec","twitter_card":"summary_large_image","twitter_misc":{"Escrito por":"orbetec","Tiempo de lectura":"1 minuto"},"schema":{"@context":"https:\/\/schema.org","@graph":[{"@type":"Article","@id":"https:\/\/replasa.com\/es\/replasa-recycling-capacity\/#article","isPartOf":{"@id":"https:\/\/replasa.com\/es\/replasa-recycling-capacity\/"},"author":{"name":"orbetec","@id":"https:\/\/replasa.com\/es\/#\/schema\/person\/d616f07c5f5a133b31b8794fd35fbfbf"},"headline":"Replasa aumenta su capacidad de reciclaje de residuos en 70 toneladas al a\u00f1o gracias al Fondo de Residuos 2022 del Gobierno de Navarra","datePublished":"2022-11-15T14:35:15+00:00","dateModified":"2023-09-26T10:26:46+00:00","mainEntityOfPage":{"@id":"https:\/\/replasa.com\/es\/replasa-recycling-capacity\/"},"wordCount":203,"commentCount":0,"publisher":{"@id":"https:\/\/replasa.com\/es\/#organization"},"keywords":["Medio Ambiente"],"inLanguage":"es","potentialAction":[{"@type":"CommentAction","name":"Comment","target":["https:\/\/replasa.com\/es\/replasa-recycling-capacity\/#respond"]}]},{"@type":"WebPage","@id":"https:\/\/replasa.com\/es\/replasa-recycling-capacity\/","url":"https:\/\/replasa.com\/es\/replasa-recycling-capacity\/","name":"Replasa aumenta su capacidad de reciclaje de residuos en 70 toneladas al a\u00f1o gracias al Fondo de Residuos 2022 del Gobierno de Navarra | Replasa - Advanced Materials","isPartOf":{"@id":"https:\/\/replasa.com\/es\/#website"},"datePublished":"2022-11-15T14:35:15+00:00","dateModified":"2023-09-26T10:26:46+00:00","breadcrumb":{"@id":"https:\/\/replasa.com\/es\/replasa-recycling-capacity\/#breadcrumb"},"inLanguage":"es","potentialAction":[{"@type":"ReadAction","target":["https:\/\/replasa.com\/es\/replasa-recycling-capacity\/"]}]},{"@type":"BreadcrumbList","@id":"https:\/\/replasa.com\/es\/replasa-recycling-capacity\/#breadcrumb","itemListElement":[{"@type":"ListItem","position":1,"name":"Home","item":"https:\/\/replasa.com\/es\/"},{"@type":"ListItem","position":2,"name":"Replasa aumenta su capacidad de reciclaje de residuos en 70 toneladas al a\u00f1o gracias al Fondo de Residuos 2022 del Gobierno de Navarra"}]},{"@type":"WebSite","@id":"https:\/\/replasa.com\/es\/#website","url":"https:\/\/replasa.com\/es\/","name":"Replasa Advanced Materials","description":"Replasa - Advanced Materials. Coating your innovations","publisher":{"@id":"https:\/\/replasa.com\/es\/#organization"},"potentialAction":[{"@type":"SearchAction","target":{"@type":"EntryPoint","urlTemplate":"https:\/\/replasa.com\/es\/?s={search_term_string}"},"query-input":"required name=search_term_string"}],"inLanguage":"es"},{"@type":"Organization","@id":"https:\/\/replasa.com\/es\/#organization","name":"Replasa Advanced Materials","url":"https:\/\/replasa.com\/es\/","logo":{"@type":"ImageObject","inLanguage":"es","@id":"https:\/\/replasa.com\/es\/#\/schema\/logo\/image\/","url":"https:\/\/replasa.com\/wp-content\/uploads\/2023\/03\/cropped-replasa-logotipe.jpg","contentUrl":"https:\/\/replasa.com\/wp-content\/uploads\/2023\/03\/cropped-replasa-logotipe.jpg","width":319,"height":183,"caption":"Replasa Advanced Materials"},"image":{"@id":"https:\/\/replasa.com\/es\/#\/schema\/logo\/image\/"},"sameAs":["https:\/\/www.linkedin.com\/company\/replasa"]},{"@type":"Person","@id":"https:\/\/replasa.com\/es\/#\/schema\/person\/d616f07c5f5a133b31b8794fd35fbfbf","name":"orbetec","image":{"@type":"ImageObject","inLanguage":"es","@id":"https:\/\/replasa.com\/es\/#\/schema\/person\/image\/","url":"https:\/\/secure.gravatar.com\/avatar\/ef37973d44da954dcc4639e224ca1264?s=96&d=mm&r=g","contentUrl":"https:\/\/secure.gravatar.com\/avatar\/ef37973d44da954dcc4639e224ca1264?s=96&d=mm&r=g","caption":"orbetec"},"sameAs":["http:\/\/replasa.com"]}]}},"_links":{"self":[{"href":"https:\/\/replasa.com\/es\/wp-json\/wp\/v2\/posts\/3412"}],"collection":[{"href":"https:\/\/replasa.com\/es\/wp-json\/wp\/v2\/posts"}],"about":[{"href":"https:\/\/replasa.com\/es\/wp-json\/wp\/v2\/types\/post"}],"author":[{"embeddable":true,"href":"https:\/\/replasa.com\/es\/wp-json\/wp\/v2\/users\/1"}],"replies":[{"embeddable":true,"href":"https:\/\/replasa.com\/es\/wp-json\/wp\/v2\/comments?post=3412"}],"version-history":[{"count":2,"href":"https:\/\/replasa.com\/es\/wp-json\/wp\/v2\/posts\/3412\/revisions"}],"predecessor-version":[{"id":3622,"href":"https:\/\/replasa.com\/es\/wp-json\/wp\/v2\/posts\/3412\/revisions\/3622"}],"wp:featuredmedia":[{"embeddable":true,"href":"https:\/\/replasa.com\/es\/wp-json\/wp\/v2\/media\/3413"}],"wp:attachment":[{"href":"https:\/\/replasa.com\/es\/wp-json\/wp\/v2\/media?parent=3412"}],"wp:term":[{"taxonomy":"category","embeddable":true,"href":"https:\/\/replasa.com\/es\/wp-json\/wp\/v2\/categories?post=3412"},{"taxonomy":"post_tag","embeddable":true,"href":"https:\/\/replasa.com\/es\/wp-json\/wp\/v2\/tags?post=3412"}],"curies":[{"name":"wp","href":"https:\/\/api.w.org\/{rel}","templated":true}]}}